{"id":28959,"date":"2026-08-26T17:40:27","date_gmt":"2026-08-26T17:40:27","guid":{"rendered":"https:\/\/autocaravanascamperdadi.com\/?p=28959"},"modified":"2026-08-31T17:46:03","modified_gmt":"2026-08-31T17:46:03","slug":"descubra-a-mitica-n2-rota-66-de-portugal-em-motorhome","status":"publish","type":"post","link":"https:\/\/autocaravanascamperdadi.com\/pt-br\/descubra-a-mitica-n2-rota-66-de-portugal-em-motorhome\/","title":{"rendered":"Descubra a m\u00edtica N2, Rota 66 de Portugal em motorhome"},"content":{"rendered":"\n<p>Voc\u00ea sabia que existe uma estrada que atravessa um pa\u00eds inteiro de norte a sul, com mais de 739 quil\u00f4metros de paisagens que mudam como se voc\u00ea passasse de um pa\u00eds para outro? Essa estrada existe, est\u00e1 a apenas alguns quil\u00f4metros da Espanha e se chama Nacional 2 (N2). <strong>Descubra a m\u00edtica N2, Rota 66 de Portugal em motorhome<\/strong> e prepare-se para uma viagem que o levar\u00e1 desde as montanhas do norte at\u00e9 as praias do sul, passando por vinhedos, plan\u00edcies intermin\u00e1veis e vilarejos encantadores. Esta rota, comparada \u00e0 famosa Rota 66 americana, \u00e9 o sonho de qualquer viajante que busca liberdade e autenticidade.<\/p>\n\n<h2>O que \u00e9 a Nacional 2 e por que a chamam de Rota 66 de Portugal<\/h2>\n\n<p>A Estrada Nacional 2, tamb\u00e9m conhecida como EN2 ou simplesmente N2, \u00e9 a estrada estadual mais longa de Portugal. Foi criada em 1945 para conectar o interior do pa\u00eds e hoje percorre 11 distritos e 35 munic\u00edpios. Seu ponto de partida fica em Chaves, bem perto da fronteira com a Espanha, e termina em Faro, na regi\u00e3o do Algarve.<\/p>\n\n<p>A compara\u00e7\u00e3o com a Rota 66 n\u00e3o \u00e9 por acaso. <em>Descubra a m\u00edtica N2, Rota 66 de Portugal em motorhome<\/em> e voc\u00ea entender\u00e1 por qu\u00ea: \u00e9 uma estrada que convida a viajar sem pressa, a parar em cada vila, a descobrir a ess\u00eancia mais aut\u00eantica de um pa\u00eds longe das rotas tur\u00edsticas lotadas. \u00c9 a coluna vertebral que atravessa Portugal de ponta a ponta, oferecendo uma variedade de paisagens que poucas rotas podem igualar.<\/p>\n\n<h2>Por que a N2 \u00e9 a rota perfeita para fazer de motorhome<\/h2>\n\n<p>Viajar pela N2 em motorhome \u00e9 a melhor maneira de experimentar esta rota. Por qu\u00ea? Porque lhe d\u00e1 a liberdade de parar onde quiser, de dormir sob as estrelas em um mirante e de acordar com as vistas mais incr\u00edveis. Voc\u00ea n\u00e3o precisa reservar hot\u00e9is nem se ater a hor\u00e1rios; sua casa vai com voc\u00ea.<\/p>\n\n<p>Al\u00e9m disso, a estrada est\u00e1 em bom estado e, embora no norte tenha curvas fechadas e trechos sinuosos, \u00e9 perfeitamente transit\u00e1vel com qualquer motorhome. A maioria das vilas tem \u00e1reas de estacionamento ou servi\u00e7os para motorhomes, tanto gratuitas quanto pagas, o que torna a rota confort\u00e1vel e acess\u00edvel.<\/p>\n\n<h2>Planeje sua rota: de Chaves a Faro, etapa por etapa<\/h2>\n\n<p>A N2 tem 739 quil\u00f4metros e recomenda-se dedicar pelo menos uma semana para aproveit\u00e1-la com calma. Aqui propomos um itiner\u00e1rio com as paradas imperd\u00edveis.<\/p>\n\n<h3>Chaves: O quil\u00f4metro zero (e o come\u00e7o da aventura)<\/h3>\n\n<p>Chaves \u00e9 o ponto de partida oficial. Esta cidade, conhecida por suas \u00e1guas termais e sua hist\u00f3ria, recebe voc\u00ea com uma impressionante ponte romana e um castelo medieval. <strong>N\u00e3o se esque\u00e7a de passar na ag\u00eancia de turismo para comprar o passaporte da N2<\/strong>, um caderno onde voc\u00ea poder\u00e1 carimbar sua passagem por cada um dos 35 munic\u00edpios. \u00c9 a lembran\u00e7a perfeita e uma forma divertida de acompanhar seu progresso.<\/p>\n\n<p>De Chaves, a estrada come\u00e7a a serpentear entre montanhas, oferecendo vistas espetaculares. Nesta regi\u00e3o, as estradas secund\u00e1rias s\u00e3o um para\u00edso para os amantes da condu\u00e7\u00e3o, com curvas e paisagens verdes que tiram o f\u00f4lego.<\/p>\n\n<h3>Vila Real e o cora\u00e7\u00e3o do Douro: vinhedos e pal\u00e1cios<\/h3>\n\n<p>A pr\u00f3xima parada importante \u00e9 Vila Real. Esta cidade, cercada por vinhedos, \u00e9 famosa pelo impressionante Pal\u00e1cio de Mateus, cuja imagem aparece nas garrafas de vinho Mateus Ros\u00e9. N\u00e3o perca tamb\u00e9m seu jardim bot\u00e2nico e o mirante de Vila Velha, que oferece uma vista panor\u00e2mica da cidade.<\/p>\n\n<p>Bem perto de Vila Real, vale a pena fazer um desvio para adentrar o Vale do Douro, uma regi\u00e3o Patrim\u00f4nio da Humanidade pela UNESCO. Seus terra\u00e7os de vinhedos que descem at\u00e9 o rio Douro s\u00e3o uma das paisagens mais ic\u00f4nicas de Portugal.<\/p>\n\n<h3>Peso da R\u00e9gua e Lamego: a alma vin\u00edcola de Portugal<\/h3>\n\n<p>Peso da R\u00e9gua \u00e9 a capital do vinho do Porto. Aqui voc\u00ea pode visitar o Museu do Douro ou simplesmente passear \u00e0 beira do rio enquanto contempla os barcos que transportam o vinho.<\/p>\n\n<p>Lamego, a poucos quil\u00f4metros, \u00e9 uma das paradas mais bonitas de toda a rota. Seu principal atrativo \u00e9 o Santu\u00e1rio de Nossa Senhora dos Rem\u00e9dios, ao qual se acede por uma impressionante escadaria barroca de 686 degraus. L\u00e1 de cima, as vistas do vale s\u00e3o inesquec\u00edveis.<\/p>\n\n<h3>Viseu: hist\u00f3ria medieval e arte urbana<\/h3>\n\n<p>Viseu \u00e9 uma cidade com um rico passado medieval que se reflete em sua catedral e nas ruas de seu centro hist\u00f3rico. Tamb\u00e9m \u00e9 conhecida por sua gastronomia, especialmente o leit\u00e3o assado. A cidade tem uma \u00e1rea de servi\u00e7o gratuita para motorhomes, o que a torna um lugar perfeito para passar a noite.<\/p>\n\n<h3>O Alentejo: plan\u00edcies infinitas e vilas brancas<\/h3>\n\n<p>Ao cruzar o rio Tejo, a paisagem muda radicalmente. As montanhas e as florestas d\u00e3o lugar \u00e0s vastas plan\u00edcies do Alentejo, uma regi\u00e3o de campos de oliveiras e vilas caiadas que parecem sa\u00eddas de um conto de fadas. A estrada fica mais reta e o ritmo se desacelera, convidando \u00e0 tranquilidade.<\/p>\n\n<p>Aqui, algumas paradas interessantes s\u00e3o Montemor-o-Novo, com seu castelo de onde Vasco da Gama planejou sua viagem \u00e0 \u00cdndia, e o Cr\u00f3mlech dos Almendres, um conjunto de menires pr\u00e9-hist\u00f3ricos que o transportar\u00e3o a outra \u00e9poca.<\/p>\n\n<h3>Faro: o fim do caminho no Algarve<\/h3>\n\n<p>O \u00faltimo trecho da N2 desce em dire\u00e7\u00e3o ao sul, onde a paisagem fica mais seca antes de chegar \u00e0 costa. O destino final \u00e9 Faro, a capital do Algarve. Seu centro hist\u00f3rico amuralhado, sua catedral e a pr\u00f3xima Reserva Natural da Ria Formosa s\u00e3o o fecho de ouro para esta \u00e9pica rota.<\/p>\n\n<h2>O Passaporte N2: uma lembran\u00e7a \u00fanica de sua viagem<\/h2>\n\n<p>Uma das tradi\u00e7\u00f5es mais especiais da N2 \u00e9 o passaporte oficial. A Associa\u00e7\u00e3o de Munic\u00edpios da Rota Nacional 2 criou este passaporte para que os viajantes pudessem carimb\u00e1-lo nas ag\u00eancias de turismo de cada munic\u00edpio. Por um pre\u00e7o simb\u00f3lico (cerca de 1 euro), voc\u00ea leva uma lembran\u00e7a inesquec\u00edvel de sua viagem.<\/p>\n\n<p>Voc\u00ea pode compr\u00e1-lo na ag\u00eancia de turismo de Chaves antes de come\u00e7ar a rota. \u00c9 uma forma excelente de interagir com os moradores locais e de ter um testemunho f\u00edsico de todas as pessoas e lugares que voc\u00ea conheceu.<\/p>\n\n<h2>Onde dormir na N2: \u00e1reas para motorhome e dicas<\/h2>\n\n<p>Uma das grandes vantagens de fazer a N2 em motorhome \u00e9 a quantidade de op\u00e7\u00f5es para passar a noite. Portugal tem uma boa rede de \u00e1reas de servi\u00e7o para motorhomes e campings ao longo da rota.<\/p>\n\n<p>Aqui est\u00e3o algumas op\u00e7\u00f5es recomendadas para cada etapa:<\/p>\n<ul>\n<li><strong>Chaves:<\/strong> Camping Park Quinta do Rebent\u00e3o (pago).<\/li>\n<li><strong>Vila Real:<\/strong> Estacionamento perto do Pal\u00e1cio de Mateus (pode ser gratuito ou pago).<\/li>\n<li><strong>Peso da R\u00e9gua:<\/strong> \u00c1rea de servi\u00e7o junto \u00e0 esta\u00e7\u00e3o de \u00f4nibus.<\/li>\n<li><strong>Lamego:<\/strong> \u00c1rea de servi\u00e7o com custo de 5 euros por noite.<\/li>\n<li><strong>Viseu:<\/strong> \u00c1rea de servi\u00e7o gratuita na Avenida da Europa.<\/li>\n<li><strong>Abrantes:<\/strong> \u00c1rea de servi\u00e7o gratuita no Parque Tejo.<\/li>\n<li><strong>Faro:<\/strong> \u00c1rea de servi\u00e7o em S\u00e3o Br\u00e1s de Alportel (Ecoparque de Motorhomes).<\/li>\n<\/ul>\n\n<p>Aplicativos como <strong>Park4Night<\/strong> ou <strong>Campercontact<\/strong> s\u00e3o ferramentas indispens\u00e1veis para encontrar esses lugares e ler opini\u00f5es de outros viajantes.<\/p>\n\n<h2>Perguntas frequentes (FAQs)<\/h2>\n<h3>Quantos quil\u00f4metros tem a Nacional 2 de Portugal?<\/h3>\n<p>A Estrada Nacional 2 tem aproximadamente 739 quil\u00f4metros de extens\u00e3o, o que a torna a estrada estadual mais longa de Portugal. Liga a cidade de Chaves, no norte, a Faro, no sul.<\/p>\n\n<h3>Quanto tempo \u00e9 necess\u00e1rio para percorrer a N2 de motorhome?<\/h3>\n<p>Recomenda-se dedicar pelo menos uma semana para percorrer a N2 com calma e poder aproveitar as paradas. De carro, pode ser feito em 3 ou 4 dias, mas de motorhome, a viagem \u00e9 mais pausada e se aproveita mais se for estendida para 5 ou 7 dias.<\/p>\n\n<h3>\u00c9 f\u00e1cil fazer a N2 de motorhome?<\/h3>\n<p>Sim, a N2 \u00e9 uma rota muito adequada para motorhomes. A estrada est\u00e1 em bom estado, embora alguns trechos do norte sejam sinuosos. H\u00e1 in\u00fameras \u00e1reas de servi\u00e7o e campings ao longo de todo o trajeto, e o tr\u00e2nsito geralmente n\u00e3o \u00e9 intenso.<\/p>\n\n<p>Pronto para percorrer a Rota 66 de Portugal? Na <strong>Autocaravanas Camperdadi<\/strong> oferecemos a frota perfeita para esta aventura. Contate-nos por telefone no <a href=\"tel:+34910820632\">+34 91 082 06 32<\/a>, escreva-nos pelo WhatsApp no <a href=\"https:\/\/api.whatsapp.com\/send?phone=34639266865\">+34 639 266 865<\/a> ou envie-nos um e-mail para <a href=\"mailto:info@autocaravanascamperdadi.com\">info@autocaravanascamperdadi.com<\/a> e comece a planejar sua viagem dos sonhos sobre rodas.<\/p>\n\n<script type=\"application\/ld+json\">\n{\n  \"@context\": \"https:\/\/schema.org\",\n  \"@type\": \"FAQPage\",\n  \"mainEntity\": [\n    {\n      \"@type\": \"Question\",\n      \"name\": \"Quantos quil\u00f4metros tem a Nacional 2 de Portugal?\",\n      \"acceptedAnswer\": {\n        \"@type\": \"Answer\",\n        \"text\": \"A Estrada Nacional 2 tem aproximadamente 739 quil\u00f4metros de extens\u00e3o, o que a torna a estrada estadual mais longa de Portugal. Liga a cidade de Chaves, no norte, a Faro, no sul.\"\n      }\n    },\n    {\n      \"@type\": \"Question\",\n      \"name\": \"Quanto tempo \u00e9 necess\u00e1rio para percorrer a N2 de motorhome?\",\n      \"acceptedAnswer\": {\n        \"@type\": \"Answer\",\n        \"text\": \"Recomenda-se dedicar pelo menos uma semana para percorrer a N2 com calma e poder aproveitar as paradas. De carro, pode ser feito em 3 ou 4 dias, mas de motorhome, a viagem \u00e9 mais pausada e se aproveita mais se for estendida para 5 ou 7 dias.\"\n      }\n    },\n    {\n      \"@type\": \"Question\",\n      \"name\": \"\u00c9 f\u00e1cil fazer a N2 de motorhome?\",\n      \"acceptedAnswer\": {\n        \"@type\": \"Answer\",\n        \"text\": \"Sim, a N2 \u00e9 uma rota muito adequada para motorhomes. A estrada est\u00e1 em bom estado, embora alguns trechos do norte sejam sinuosos. H\u00e1 in\u00fameras \u00e1reas de servi\u00e7o e campings ao longo de todo o trajeto, e o tr\u00e2nsito geralmente n\u00e3o \u00e9 intenso.\"\n      }\n    }\n  ]\n}\n<\/script>\n","protected":false},"excerpt":{"rendered":"<p>Voc\u00ea sabia que existe uma estrada que atravessa um pa\u00eds inteiro de norte a sul, com mais de 739 quil\u00f4metros de paisagens que mudam como se voc\u00ea passasse de um pa\u00eds para outro? Essa estrada existe, est\u00e1 a apenas alguns quil\u00f4metros da Espanha e se chama Nacional 2 (N2). Descubra a m\u00edtica N2, Rota 66 [&#8230;]\n","protected":false},"author":15,"featured_media":28540,"comment_status":"closed","ping_status":"closed","sticky":false,"template":"","format":"standard","meta":{"footnotes":""},"categories":[220],"tags":[],"class_list":["post-28959","post","type-post","status-publish","format-standard","has-post-thumbnail","hentry","category-roteiro"],"yoast_head":"<!-- This site is optimized with the Yoast SEO plugin v28.3 - https:\/\/yoast.com\/product\/yoast-seo-wordpress\/ -->\n<title>Descubra a m\u00edtica N2, Rota 66 de Portugal em motorhome - Camperdadi<\/title>\n<meta name=\"description\" content=\"Voc\u00ea sabia que existe uma estrada que atravessa um pa\u00eds inteiro de norte a sul, com mais de 739 quil\u00f4metros de paisagens que mudam como se voc\u00ea passasse\" \/>\n<meta name=\"robots\" content=\"index, follow, max-snippet:-1, max-image-preview:large, max-video-preview:-1\" \/>\n<link rel=\"canonical\" href=\"https:\/\/autocaravanascamperdadi.com\/pt-br\/descubra-a-mitica-n2-rota-66-de-portugal-em-motorhome\/\" \/>\n<meta property=\"og:locale\" content=\"pt_BR\" \/>\n<meta property=\"og:type\" content=\"article\" \/>\n<meta property=\"og:title\" content=\"Descubra a m\u00edtica N2, Rota 66 de Portugal em motorhome - Camperdadi\" \/>\n<meta property=\"og:description\" content=\"Voc\u00ea sabia que existe uma estrada que atravessa um pa\u00eds inteiro de norte a sul, com mais de 739 quil\u00f4metros de paisagens que mudam como se voc\u00ea passasse\" \/>\n<meta property=\"og:url\" content=\"https:\/\/autocaravanascamperdadi.com\/pt-br\/descubra-a-mitica-n2-rota-66-de-portugal-em-motorhome\/\" \/>\n<meta property=\"og:site_name\" content=\"Camperdadi\" \/>\n<meta property=\"article:publisher\" content=\"https:\/\/es-es.facebook.com\/camperdadi\/\" \/>\n<meta property=\"article:published_time\" content=\"2026-08-26T17:40:27+00:00\" \/>\n<meta property=\"article:modified_time\" content=\"2026-08-31T17:46:03+00:00\" \/>\n<meta property=\"og:image\" content=\"https:\/\/autocaravanascamperdadi.com\/wp-content\/uploads\/2026\/03\/CI-HORON-79M-02.jpg\" \/>\n\t<meta property=\"og:image:width\" content=\"1000\" \/>\n\t<meta property=\"og:image:height\" content=\"750\" \/>\n\t<meta property=\"og:image:type\" content=\"image\/jpeg\" \/>\n<meta name=\"author\" content=\"Autocaravanas Camperdadi\" \/>\n<meta name=\"twitter:card\" content=\"summary_large_image\" \/>\n<meta name=\"twitter:creator\" content=\"@camperdadi\" \/>\n<meta name=\"twitter:site\" content=\"@camperdadi\" \/>\n<meta name=\"twitter:label1\" content=\"Escrito por\" \/>\n\t<meta name=\"twitter:data1\" content=\"Autocaravanas Camperdadi\" \/>\n\t<meta name=\"twitter:label2\" content=\"Est. tempo de leitura\" \/>\n\t<meta name=\"twitter:data2\" content=\"7 minutos\" \/>\n<script type=\"application\/ld+json\" class=\"yoast-schema-graph\">{\"@context\":\"https:\\\/\\\/schema.org\",\"@graph\":[{\"@type\":\"Article\",\"@id\":\"https:\\\/\\\/autocaravanascamperdadi.com\\\/pt-br\\\/descubra-a-mitica-n2-rota-66-de-portugal-em-motorhome\\\/#article\",\"isPartOf\":{\"@id\":\"https:\\\/\\\/autocaravanascamperdadi.com\\\/pt-br\\\/descubra-a-mitica-n2-rota-66-de-portugal-em-motorhome\\\/\"},\"author\":{\"name\":\"Autocaravanas Camperdadi\",\"@id\":\"https:\\\/\\\/autocaravanascamperdadi.com\\\/en\\\/#\\\/schema\\\/person\\\/9c595a4a9a7df85e03206c0f6d0b7256\"},\"headline\":\"Descubra a m\u00edtica N2, Rota 66 de Portugal em motorhome\",\"datePublished\":\"2026-08-26T17:40:27+00:00\",\"dateModified\":\"2026-08-31T17:46:03+00:00\",\"mainEntityOfPage\":{\"@id\":\"https:\\\/\\\/autocaravanascamperdadi.com\\\/pt-br\\\/descubra-a-mitica-n2-rota-66-de-portugal-em-motorhome\\\/\"},\"wordCount\":1429,\"publisher\":{\"@id\":\"https:\\\/\\\/autocaravanascamperdadi.com\\\/en\\\/#organization\"},\"image\":{\"@id\":\"https:\\\/\\\/autocaravanascamperdadi.com\\\/pt-br\\\/descubra-a-mitica-n2-rota-66-de-portugal-em-motorhome\\\/#primaryimage\"},\"thumbnailUrl\":\"https:\\\/\\\/autocaravanascamperdadi.com\\\/wp-content\\\/uploads\\\/2026\\\/03\\\/CI-HORON-79M-02.jpg\",\"articleSection\":[\"Roteiro\"],\"inLanguage\":\"pt-BR\"},{\"@type\":\"WebPage\",\"@id\":\"https:\\\/\\\/autocaravanascamperdadi.com\\\/pt-br\\\/descubra-a-mitica-n2-rota-66-de-portugal-em-motorhome\\\/\",\"url\":\"https:\\\/\\\/autocaravanascamperdadi.com\\\/pt-br\\\/descubra-a-mitica-n2-rota-66-de-portugal-em-motorhome\\\/\",\"name\":\"Descubra a m\u00edtica N2, Rota 66 de Portugal em motorhome - Camperdadi\",\"isPartOf\":{\"@id\":\"https:\\\/\\\/autocaravanascamperdadi.com\\\/en\\\/#website\"},\"primaryImageOfPage\":{\"@id\":\"https:\\\/\\\/autocaravanascamperdadi.com\\\/pt-br\\\/descubra-a-mitica-n2-rota-66-de-portugal-em-motorhome\\\/#primaryimage\"},\"image\":{\"@id\":\"https:\\\/\\\/autocaravanascamperdadi.com\\\/pt-br\\\/descubra-a-mitica-n2-rota-66-de-portugal-em-motorhome\\\/#primaryimage\"},\"thumbnailUrl\":\"https:\\\/\\\/autocaravanascamperdadi.com\\\/wp-content\\\/uploads\\\/2026\\\/03\\\/CI-HORON-79M-02.jpg\",\"datePublished\":\"2026-08-26T17:40:27+00:00\",\"dateModified\":\"2026-08-31T17:46:03+00:00\",\"description\":\"Voc\u00ea sabia que existe uma estrada que atravessa um pa\u00eds inteiro de norte a sul, com mais de 739 quil\u00f4metros de paisagens que mudam como se voc\u00ea passasse\",\"breadcrumb\":{\"@id\":\"https:\\\/\\\/autocaravanascamperdadi.com\\\/pt-br\\\/descubra-a-mitica-n2-rota-66-de-portugal-em-motorhome\\\/#breadcrumb\"},\"inLanguage\":\"pt-BR\",\"potentialAction\":[{\"@type\":\"ReadAction\",\"target\":[\"https:\\\/\\\/autocaravanascamperdadi.com\\\/pt-br\\\/descubra-a-mitica-n2-rota-66-de-portugal-em-motorhome\\\/\"]}]},{\"@type\":\"ImageObject\",\"inLanguage\":\"pt-BR\",\"@id\":\"https:\\\/\\\/autocaravanascamperdadi.com\\\/pt-br\\\/descubra-a-mitica-n2-rota-66-de-portugal-em-motorhome\\\/#primaryimage\",\"url\":\"https:\\\/\\\/autocaravanascamperdadi.com\\\/wp-content\\\/uploads\\\/2026\\\/03\\\/CI-HORON-79M-02.jpg\",\"contentUrl\":\"https:\\\/\\\/autocaravanascamperdadi.com\\\/wp-content\\\/uploads\\\/2026\\\/03\\\/CI-HORON-79M-02.jpg\",\"width\":1000,\"height\":750,\"caption\":\"Alquiler de Autocaravana hasta 6 plazas Ci HORON 79M 165cv cambio autom\u00e1tico\"},{\"@type\":\"BreadcrumbList\",\"@id\":\"https:\\\/\\\/autocaravanascamperdadi.com\\\/pt-br\\\/descubra-a-mitica-n2-rota-66-de-portugal-em-motorhome\\\/#breadcrumb\",\"itemListElement\":[{\"@type\":\"ListItem\",\"position\":1,\"name\":\"Portada\",\"item\":\"https:\\\/\\\/autocaravanascamperdadi.com\\\/pt-br\\\/\"},{\"@type\":\"ListItem\",\"position\":2,\"name\":\"Descubra a m\u00edtica N2, Rota 66 de Portugal em motorhome\"}]},{\"@type\":\"WebSite\",\"@id\":\"https:\\\/\\\/autocaravanascamperdadi.com\\\/en\\\/#website\",\"url\":\"https:\\\/\\\/autocaravanascamperdadi.com\\\/en\\\/\",\"name\":\"Autocaravanas Camperdadi\",\"description\":\"Alquiler de autocaravanas y caravanas\",\"publisher\":{\"@id\":\"https:\\\/\\\/autocaravanascamperdadi.com\\\/en\\\/#organization\"},\"potentialAction\":[{\"@type\":\"SearchAction\",\"target\":{\"@type\":\"EntryPoint\",\"urlTemplate\":\"https:\\\/\\\/autocaravanascamperdadi.com\\\/en\\\/?s={search_term_string}\"},\"query-input\":{\"@type\":\"PropertyValueSpecification\",\"valueRequired\":true,\"valueName\":\"search_term_string\"}}],\"inLanguage\":\"pt-BR\"},{\"@type\":\"Organization\",\"@id\":\"https:\\\/\\\/autocaravanascamperdadi.com\\\/en\\\/#organization\",\"name\":\"Camperdadi\",\"url\":\"https:\\\/\\\/autocaravanascamperdadi.com\\\/en\\\/\",\"logo\":{\"@type\":\"ImageObject\",\"inLanguage\":\"pt-BR\",\"@id\":\"https:\\\/\\\/autocaravanascamperdadi.com\\\/en\\\/#\\\/schema\\\/logo\\\/image\\\/\",\"url\":\"https:\\\/\\\/autocaravanascamperdadi.com\\\/wp-content\\\/uploads\\\/2017\\\/08\\\/cropped-logo.png\",\"contentUrl\":\"https:\\\/\\\/autocaravanascamperdadi.com\\\/wp-content\\\/uploads\\\/2017\\\/08\\\/cropped-logo.png\",\"width\":512,\"height\":512,\"caption\":\"Camperdadi\"},\"image\":{\"@id\":\"https:\\\/\\\/autocaravanascamperdadi.com\\\/en\\\/#\\\/schema\\\/logo\\\/image\\\/\"},\"sameAs\":[\"https:\\\/\\\/es-es.facebook.com\\\/camperdadi\\\/\",\"https:\\\/\\\/x.com\\\/camperdadi\",\"https:\\\/\\\/www.instagram.com\\\/autocaravanascamperdadi\\\/?hl=es\"]},{\"@type\":\"Person\",\"@id\":\"https:\\\/\\\/autocaravanascamperdadi.com\\\/en\\\/#\\\/schema\\\/person\\\/9c595a4a9a7df85e03206c0f6d0b7256\",\"name\":\"Autocaravanas Camperdadi\",\"url\":\"https:\\\/\\\/autocaravanascamperdadi.com\\\/pt-br\\\/author\\\/first-position\\\/\"}]}<\/script>\n<!-- \/ Yoast SEO plugin. -->","yoast_head_json":{"title":"Descubra a m\u00edtica N2, Rota 66 de Portugal em motorhome - Camperdadi","description":"Voc\u00ea sabia que existe uma estrada que atravessa um pa\u00eds inteiro de norte a sul, com mais de 739 quil\u00f4metros de paisagens que mudam como se voc\u00ea passasse","robots":{"index":"index","follow":"follow","max-snippet":"max-snippet:-1","max-image-preview":"max-image-preview:large","max-video-preview":"max-video-preview:-1"},"canonical":"https:\/\/autocaravanascamperdadi.com\/pt-br\/descubra-a-mitica-n2-rota-66-de-portugal-em-motorhome\/","og_locale":"pt_BR","og_type":"article","og_title":"Descubra a m\u00edtica N2, Rota 66 de Portugal em motorhome - Camperdadi","og_description":"Voc\u00ea sabia que existe uma estrada que atravessa um pa\u00eds inteiro de norte a sul, com mais de 739 quil\u00f4metros de paisagens que mudam como se voc\u00ea passasse","og_url":"https:\/\/autocaravanascamperdadi.com\/pt-br\/descubra-a-mitica-n2-rota-66-de-portugal-em-motorhome\/","og_site_name":"Camperdadi","article_publisher":"https:\/\/es-es.facebook.com\/camperdadi\/","article_published_time":"2026-08-26T17:40:27+00:00","article_modified_time":"2026-08-31T17:46:03+00:00","og_image":[{"width":1000,"height":750,"url":"https:\/\/autocaravanascamperdadi.com\/wp-content\/uploads\/2026\/03\/CI-HORON-79M-02.jpg","type":"image\/jpeg"}],"author":"Autocaravanas Camperdadi","twitter_card":"summary_large_image","twitter_creator":"@camperdadi","twitter_site":"@camperdadi","twitter_misc":{"Escrito por":"Autocaravanas Camperdadi","Est. tempo de leitura":"7 minutos"},"schema":{"@context":"https:\/\/schema.org","@graph":[{"@type":"Article","@id":"https:\/\/autocaravanascamperdadi.com\/pt-br\/descubra-a-mitica-n2-rota-66-de-portugal-em-motorhome\/#article","isPartOf":{"@id":"https:\/\/autocaravanascamperdadi.com\/pt-br\/descubra-a-mitica-n2-rota-66-de-portugal-em-motorhome\/"},"author":{"name":"Autocaravanas Camperdadi","@id":"https:\/\/autocaravanascamperdadi.com\/en\/#\/schema\/person\/9c595a4a9a7df85e03206c0f6d0b7256"},"headline":"Descubra a m\u00edtica N2, Rota 66 de Portugal em motorhome","datePublished":"2026-08-26T17:40:27+00:00","dateModified":"2026-08-31T17:46:03+00:00","mainEntityOfPage":{"@id":"https:\/\/autocaravanascamperdadi.com\/pt-br\/descubra-a-mitica-n2-rota-66-de-portugal-em-motorhome\/"},"wordCount":1429,"publisher":{"@id":"https:\/\/autocaravanascamperdadi.com\/en\/#organization"},"image":{"@id":"https:\/\/autocaravanascamperdadi.com\/pt-br\/descubra-a-mitica-n2-rota-66-de-portugal-em-motorhome\/#primaryimage"},"thumbnailUrl":"https:\/\/autocaravanascamperdadi.com\/wp-content\/uploads\/2026\/03\/CI-HORON-79M-02.jpg","articleSection":["Roteiro"],"inLanguage":"pt-BR"},{"@type":"WebPage","@id":"https:\/\/autocaravanascamperdadi.com\/pt-br\/descubra-a-mitica-n2-rota-66-de-portugal-em-motorhome\/","url":"https:\/\/autocaravanascamperdadi.com\/pt-br\/descubra-a-mitica-n2-rota-66-de-portugal-em-motorhome\/","name":"Descubra a m\u00edtica N2, Rota 66 de Portugal em motorhome - Camperdadi","isPartOf":{"@id":"https:\/\/autocaravanascamperdadi.com\/en\/#website"},"primaryImageOfPage":{"@id":"https:\/\/autocaravanascamperdadi.com\/pt-br\/descubra-a-mitica-n2-rota-66-de-portugal-em-motorhome\/#primaryimage"},"image":{"@id":"https:\/\/autocaravanascamperdadi.com\/pt-br\/descubra-a-mitica-n2-rota-66-de-portugal-em-motorhome\/#primaryimage"},"thumbnailUrl":"https:\/\/autocaravanascamperdadi.com\/wp-content\/uploads\/2026\/03\/CI-HORON-79M-02.jpg","datePublished":"2026-08-26T17:40:27+00:00","dateModified":"2026-08-31T17:46:03+00:00","description":"Voc\u00ea sabia que existe uma estrada que atravessa um pa\u00eds inteiro de norte a sul, com mais de 739 quil\u00f4metros de paisagens que mudam como se voc\u00ea passasse","breadcrumb":{"@id":"https:\/\/autocaravanascamperdadi.com\/pt-br\/descubra-a-mitica-n2-rota-66-de-portugal-em-motorhome\/#breadcrumb"},"inLanguage":"pt-BR","potentialAction":[{"@type":"ReadAction","target":["https:\/\/autocaravanascamperdadi.com\/pt-br\/descubra-a-mitica-n2-rota-66-de-portugal-em-motorhome\/"]}]},{"@type":"ImageObject","inLanguage":"pt-BR","@id":"https:\/\/autocaravanascamperdadi.com\/pt-br\/descubra-a-mitica-n2-rota-66-de-portugal-em-motorhome\/#primaryimage","url":"https:\/\/autocaravanascamperdadi.com\/wp-content\/uploads\/2026\/03\/CI-HORON-79M-02.jpg","contentUrl":"https:\/\/autocaravanascamperdadi.com\/wp-content\/uploads\/2026\/03\/CI-HORON-79M-02.jpg","width":1000,"height":750,"caption":"Alquiler de Autocaravana hasta 6 plazas Ci HORON 79M 165cv cambio autom\u00e1tico"},{"@type":"BreadcrumbList","@id":"https:\/\/autocaravanascamperdadi.com\/pt-br\/descubra-a-mitica-n2-rota-66-de-portugal-em-motorhome\/#breadcrumb","itemListElement":[{"@type":"ListItem","position":1,"name":"Portada","item":"https:\/\/autocaravanascamperdadi.com\/pt-br\/"},{"@type":"ListItem","position":2,"name":"Descubra a m\u00edtica N2, Rota 66 de Portugal em motorhome"}]},{"@type":"WebSite","@id":"https:\/\/autocaravanascamperdadi.com\/en\/#website","url":"https:\/\/autocaravanascamperdadi.com\/en\/","name":"Autocaravanas Camperdadi","description":"Alquiler de autocaravanas y caravanas","publisher":{"@id":"https:\/\/autocaravanascamperdadi.com\/en\/#organization"},"potentialAction":[{"@type":"SearchAction","target":{"@type":"EntryPoint","urlTemplate":"https:\/\/autocaravanascamperdadi.com\/en\/?s={search_term_string}"},"query-input":{"@type":"PropertyValueSpecification","valueRequired":true,"valueName":"search_term_string"}}],"inLanguage":"pt-BR"},{"@type":"Organization","@id":"https:\/\/autocaravanascamperdadi.com\/en\/#organization","name":"Camperdadi","url":"https:\/\/autocaravanascamperdadi.com\/en\/","logo":{"@type":"ImageObject","inLanguage":"pt-BR","@id":"https:\/\/autocaravanascamperdadi.com\/en\/#\/schema\/logo\/image\/","url":"https:\/\/autocaravanascamperdadi.com\/wp-content\/uploads\/2017\/08\/cropped-logo.png","contentUrl":"https:\/\/autocaravanascamperdadi.com\/wp-content\/uploads\/2017\/08\/cropped-logo.png","width":512,"height":512,"caption":"Camperdadi"},"image":{"@id":"https:\/\/autocaravanascamperdadi.com\/en\/#\/schema\/logo\/image\/"},"sameAs":["https:\/\/es-es.facebook.com\/camperdadi\/","https:\/\/x.com\/camperdadi","https:\/\/www.instagram.com\/autocaravanascamperdadi\/?hl=es"]},{"@type":"Person","@id":"https:\/\/autocaravanascamperdadi.com\/en\/#\/schema\/person\/9c595a4a9a7df85e03206c0f6d0b7256","name":"Autocaravanas Camperdadi","url":"https:\/\/autocaravanascamperdadi.com\/pt-br\/author\/first-position\/"}]}},"_links":{"self":[{"href":"https:\/\/autocaravanascamperdadi.com\/pt-br\/wp-json\/wp\/v2\/posts\/28959","targetHints":{"allow":["GET"]}}],"collection":[{"href":"https:\/\/autocaravanascamperdadi.com\/pt-br\/wp-json\/wp\/v2\/posts"}],"about":[{"href":"https:\/\/autocaravanascamperdadi.com\/pt-br\/wp-json\/wp\/v2\/types\/post"}],"author":[{"embeddable":true,"href":"https:\/\/autocaravanascamperdadi.com\/pt-br\/wp-json\/wp\/v2\/users\/15"}],"replies":[{"embeddable":true,"href":"https:\/\/autocaravanascamperdadi.com\/pt-br\/wp-json\/wp\/v2\/comments?post=28959"}],"version-history":[{"count":1,"href":"https:\/\/autocaravanascamperdadi.com\/pt-br\/wp-json\/wp\/v2\/posts\/28959\/revisions"}],"predecessor-version":[{"id":28960,"href":"https:\/\/autocaravanascamperdadi.com\/pt-br\/wp-json\/wp\/v2\/posts\/28959\/revisions\/28960"}],"wp:featuredmedia":[{"embeddable":true,"href":"https:\/\/autocaravanascamperdadi.com\/pt-br\/wp-json\/wp\/v2\/media\/28540"}],"wp:attachment":[{"href":"https:\/\/autocaravanascamperdadi.com\/pt-br\/wp-json\/wp\/v2\/media?parent=28959"}],"wp:term":[{"taxonomy":"category","embeddable":true,"href":"https:\/\/autocaravanascamperdadi.com\/pt-br\/wp-json\/wp\/v2\/categories?post=28959"},{"taxonomy":"post_tag","embeddable":true,"href":"https:\/\/autocaravanascamperdadi.com\/pt-br\/wp-json\/wp\/v2\/tags?post=28959"}],"curies":[{"name":"wp","href":"https:\/\/api.w.org\/{rel}","templated":true}]}}