{"id":28963,"date":"2026-08-05T17:43:47","date_gmt":"2026-08-05T17:43:47","guid":{"rendered":"https:\/\/autocaravanascamperdadi.com\/?p=28963"},"modified":"2026-08-31T17:44:37","modified_gmt":"2026-08-31T17:44:37","slug":"onde-ver-o-eclipse-solar-de-motorhome","status":"publish","type":"post","link":"https:\/\/autocaravanascamperdadi.com\/pt-br\/onde-ver-o-eclipse-solar-de-motorhome\/","title":{"rendered":"Onde ver o eclipse solar de motorhome"},"content":{"rendered":"\n<p>Voc\u00ea sabia que em 12 de agosto de 2026 o c\u00e9u da Espanha escurecer\u00e1 completamente pela primeira vez em mais de 120 anos, e que a melhor forma de vivenciar isso \u00e9 sobre rodas? Os hot\u00e9is na faixa da totalidade j\u00e1 est\u00e3o lotados e os pre\u00e7os dispararam, mas quem viaja de motorhome tem uma vantagem: pode se mover livremente para buscar o melhor ponto de observa\u00e7\u00e3o sem depender de reservas nem hospedagens caras. Este guia mostra <strong>onde ver o eclipse solar de motorhome<\/strong>, com os melhores lugares, dicas pr\u00e1ticas e tudo o que voc\u00ea precisa saber para n\u00e3o perder este espet\u00e1culo \u00fanico.<\/p>\n\n<h2>O eclipse do s\u00e9culo: o qu\u00ea, quando e por que \u00e9 t\u00e3o especial<\/h2>\n\n<p>Em 12 de agosto de 2026, a Lua se interpor\u00e1 entre o Sol e a Terra, criando um eclipse solar total que ser\u00e1 vis\u00edvel no norte da Espanha. O fen\u00f4meno come\u00e7ar\u00e1 por volta das 19h20 e alcan\u00e7ar\u00e1 a totalidade perto das 20h30, pouco antes do anoitecer. \u00c9 o que os especialistas chamam de &#8220;eclipse de p\u00f4r do sol&#8221;, porque o Sol estar\u00e1 muito baixo no horizonte quando a Lua o cobrir completamente.<\/p>\n\n<p>A Espanha n\u00e3o via um eclipse total desde 1905, e este \u00e9 o primeiro de uma s\u00e9rie hist\u00f3rica de tr\u00eas eclipses que ocorrer\u00e3o entre 2026 e 2028. A faixa da totalidade cruzar\u00e1 o pa\u00eds de noroeste a sudeste, da Gal\u00edcia at\u00e9 as Ilhas Baleares, passando por in\u00fameras capitais de prov\u00edncia.<\/p>\n\n<h2>A rota da totalidade: mapa e melhores zonas<\/h2>\n\n<p>A faixa da totalidade \u00e9 a estreita banda onde a Lua cobrir\u00e1 completamente o disco solar. Fora dela, o eclipse ser\u00e1 visto como parcial, por mais espetacular que seja a porcentagem de oculta\u00e7\u00e3o. Para viver a experi\u00eancia completa \u2014 o dia que se faz noite, a coroa solar, o anel de diamante \u2014 voc\u00ea precisa estar dentro dessa faixa.<\/p>\n\n<p>Os melhores lugares para ver o eclipse de motorhome s\u00e3o aqueles que combinam tr\u00eas coisas: estar perto da linha central da totalidade (maior dura\u00e7\u00e3o), ter o horizonte oeste desobstru\u00eddo e contar com \u00e1reas onde estacionar e pernoitar sem problemas.<\/p>\n\n<h3>Gal\u00edcia: o primeiro ponto de contato<\/h3>\n\n<p>O eclipse chegar\u00e1 primeiro \u00e0 Gal\u00edcia. Em A Coru\u00f1a, a totalidade durar\u00e1 76 segundos e o Sol estar\u00e1 a 12 graus sobre o horizonte quando ocorrer. Os mirantes costeiros, como o Monte de San Pedro ou o entorno do farol de H\u00e9rcules, oferecem horizontes desobstru\u00eddos em dire\u00e7\u00e3o ao Atl\u00e2ntico.<\/p>\n\n<h3>Ast\u00farias e Cant\u00e1bria: paisagens de sonho<\/h3>\n\n<p>A costa cant\u00e1brica oferece alguns dos cen\u00e1rios mais espetaculares. Em Oviedo, a totalidade ser\u00e1 vis\u00edvel com o Sol se pondo sobre o mar. Na Cant\u00e1bria, a praia de El Puntal, perto de Santander, \u00e9 uma l\u00edngua de areia que se adentra no mar com vistas para o oeste-noroeste, ideal para ver o eclipse sem obst\u00e1culos.<\/p>\n\n<h3>Castela e Le\u00e3o: os melhores minutos de escurid\u00e3o<\/h3>\n\n<p>Esta comunidade \u00e9 uma das grandes privilegiadas. A linha central da totalidade passa muito perto de Aranda de Duero (Burgos), onde a escurid\u00e3o durar\u00e1 mais de um minuto e meio. Le\u00f3n, Pal\u00eancia, S\u00f3ria e Burgos s\u00e3o capitais onde o eclipse ser\u00e1 visto em todo seu esplendor. A meseta oferece horizontes abertos e c\u00e9us limpos, perfeitos para a observa\u00e7\u00e3o astron\u00f4mica.<\/p>\n\n<h3>A Rioja: vinhedos e c\u00e9us estrelados<\/h3>\n\n<p>Os planaltos riojanos combinam altitude, horizontes desobstru\u00eddos e uma ampla rede de \u00e1reas para motorhomes. \u00c9 uma mistura perfeita para o eclipse. Os planaltos pr\u00f3ximos \u00e0 Serra de la Demanda e os de Foncea oferecem vistas de 360 graus com muito pouca polui\u00e7\u00e3o luminosa.<\/p>\n\n<h3>Zaragoza e Arag\u00e3o: c\u00e9us limpos garantidos<\/h3>\n\n<p>O vale do Ebro, com seu clima seco e seus c\u00e9us majoritariamente limpos em agosto, \u00e9 um dos lugares favoritos dos astr\u00f4nomos. Em v\u00e1rios munic\u00edpios pr\u00f3ximos a Zaragoza, a totalidade alcan\u00e7ar\u00e1 perto de um minuto e quarenta segundos. Teruel tamb\u00e9m desfrutar\u00e1 de condi\u00e7\u00f5es privilegiadas.<\/p>\n\n<h3>Val\u00eancia e Castell\u00f3n: o fim do caminho<\/h3>\n\n<p>Val\u00eancia ser\u00e1 um dos pontos-chave, com a totalidade vis\u00edvel durante cerca de 60 a 70 segundos a partir das 20h32. O interior de Castell\u00f3n, especialmente comarcas como Els Ports ou o Alto Maestrazgo, tem baixa polui\u00e7\u00e3o luminosa e amplos horizontes.<\/p>\n\n<h3>Baleares: o \u00faltimo suspiro<\/h3>\n\n<p>O eclipse colocar\u00e1 fim a seu percurso nas Ilhas Baleares. Em Palma, a totalidade ocorrer\u00e1 com o Sol a apenas 2 graus de altura, por isso \u00e9 imprescind\u00edvel buscar um ponto elevado com o horizonte oeste completamente desobstru\u00eddo. Em Mallorca, a Serra de Tramuntana oferece mirantes espetaculares.<\/p>\n\n<h2>Onde estacionar e pernoitar de motorhome para ver o eclipse<\/h2>\n\n<p>A grande vantagem de viajar de motorhome \u00e9 que voc\u00ea n\u00e3o depende de hot\u00e9is nem reservas, mas precisa planejar onde vai estacionar e dormir. A normativa DGT 2026 (Instru\u00e7\u00e3o PROT 2026\/04) \u00e9 clara: <em>voc\u00ea pode pernoitar dentro do seu ve\u00edculo estacionado<\/em> desde que n\u00e3o coloque nada para fora.<\/p>\n\n<p>Voc\u00ea est\u00e1 estacionado se:<\/p>\n<ul>\n<li>O ve\u00edculo toca o ch\u00e3o apenas com as rodas (sem p\u00e9s estabilizadores).<\/li>\n<li>N\u00e3o ocupa mais espa\u00e7o do que fechado (sem toldos, cadeiras nem mesas desdobradas).<\/li>\n<\/ul>\n\n<p>No momento em que voc\u00ea abaixa os p\u00e9s ou coloca a cadeira para fora, passa a estar acampado e isso j\u00e1 n\u00e3o \u00e9 regulado pela DGT, mas pelas ordenan\u00e7as municipais.<\/p>\n\n<h3>\u00c1reas recomendadas para motorhomes perto da linha da totalidade<\/h3>\n\n<p>Aqui est\u00e3o algumas \u00e1reas estrat\u00e9gicas para estacionar seu motorhome e ver o eclipse em primeira linha:<\/p>\n\n<table>\n<thead>\n<tr>\n<th>Zona<\/th>\n<th>Localidade<\/th>\n<th>\u00c1rea recomendada<\/th>\n<th>Servi\u00e7os<\/th>\n<\/tr>\n<\/thead>\n<tbody>\n<tr>\n<td>Burgos<\/td>\n<td>Aranda de Duero<\/td>\n<td>\u00c1rea de motorhomes municipal<\/td>\n<td>\u00c1gua, esvaziamento, eletricidade<\/td>\n<\/tr>\n<tr>\n<td>Zaragoza<\/td>\n<td>Daroca<\/td>\n<td>Camping Daroca (50 vagas)<\/td>\n<td>12\u20ac\/dia, bar, lavanderia<\/td>\n<\/tr>\n<tr>\n<td>Zaragoza<\/td>\n<td>Jaraba<\/td>\n<td>\u00c1rea La Viuna (11 vagas)<\/td>\n<td>\u00c1gua, esvaziamento de \u00e1guas cinzas e negras<\/td>\n<\/tr>\n<tr>\n<td>Zaragoza<\/td>\n<td>Gallocanta<\/td>\n<td>Camping Car Park<\/td>\n<td>6\u20ac, junto \u00e0 lagoa<\/td>\n<\/tr>\n<tr>\n<td>Zaragoza<\/td>\n<td>Ateca<\/td>\n<td>\u00c1rea municipal (5 vagas)<\/td>\n<td>Gr\u00e1tis, 48h m\u00e1ximo<\/td>\n<\/tr>\n<tr>\n<td>A Rioja<\/td>\n<td>Haro<\/td>\n<td>\u00c1rea de motorhomes<\/td>\n<td>\u00c1gua, esvaziamento<\/td>\n<\/tr>\n<tr>\n<td>A Rioja<\/td>\n<td>Logro\u00f1o<\/td>\n<td>\u00c1rea municipal<\/td>\n<td>Completa, perto do centro<\/td>\n<\/tr>\n<tr>\n<td>Tarragona<\/td>\n<td>Altafulla<\/td>\n<td>Park4Night (v\u00e1rios pontos)<\/td>\n<td>Zonas tranquilas perto da praia<\/td>\n<\/tr>\n<\/tbody>\n<\/table>\n\n<p>Para encontrar mais op\u00e7\u00f5es, use aplicativos como <strong>Park4Night<\/strong> ou consulte a base de dados da \u00c1reasAC.<\/p>\n\n<h2>Dicas pr\u00e1ticas para o dia do eclipse de motorhome<\/h2>\n\n<p>O eclipse coincide com pleno ver\u00e3o e esperam-se <strong>mais de 10 milh\u00f5es de deslocamentos<\/strong> em toda a Espanha. Para que sua experi\u00eancia seja inesquec\u00edvel (e n\u00e3o um caos), siga estas dicas:<\/p>\n\n<h3>Chegue com anteced\u00eancia<\/h3>\n<p>Os especialistas recomendam chegar ao destino com <strong>um ou dois dias de anteced\u00eancia<\/strong>. Assim voc\u00ea evitar\u00e1 engarrafamentos e poder\u00e1 explorar a zona para encontrar o ponto de observa\u00e7\u00e3o perfeito. As \u00e1reas de motorhomes mais bem situadas encher\u00e3o rapidamente.<\/p>\n\n<h3>Busque um horizonte oeste desobstru\u00eddo<\/h3>\n<p>O eclipse ser\u00e1 vis\u00edvel ao entardecer, com o Sol muito baixo. Voc\u00ea precisa de um lugar sem montanhas, edif\u00edcios nem \u00e1rvores que bloqueiem a vista para o oeste. Os mirantes costeiros, as plan\u00edcies e os planaltos s\u00e3o as melhores op\u00e7\u00f5es.<\/p>\n\n<h3>\u00d3culos certificados, sempre<\/h3>\n<p><strong>Nunca olhe para o Sol diretamente sem prote\u00e7\u00e3o.<\/strong> Os \u00f3culos de sol normais n\u00e3o servem. Apenas s\u00e3o seguros os \u00f3culos de eclipse com certifica\u00e7\u00e3o ISO 12312-2. Use-os durante todas as fases parciais, incluindo o &#8220;anel de diamante&#8221;. Voc\u00ea s\u00f3 pode tir\u00e1-los durante os segundos de totalidade absoluta.<\/p>\n\n<h3>Prepare suprimentos<\/h3>\n<p>Encha o tanque de combust\u00edvel, leve \u00e1gua suficiente e comida para todo o dia. N\u00e3o confie em encontrar supermercados abertos perto do seu ponto de observa\u00e7\u00e3o.<\/p>\n\n<h3>Respeite o ambiente<\/h3>\n<p>N\u00e3o acampe em zonas protegidas, n\u00e3o deixe res\u00edduos e n\u00e3o acenda fogo. Em agosto, o risco de inc\u00eandios \u00e9 m\u00e1ximo.<\/p>\n\n<h2>Al\u00e9m do eclipse: a chuva de Perseidas<\/h2>\n<p>A noite de 12 de agosto tamb\u00e9m \u00e9 a da chuva de estrelas Perseidas. Ap\u00f3s o eclipse, o c\u00e9u escurecer\u00e1 e voc\u00ea poder\u00e1 aproveitar as famosas &#8220;l\u00e1grimas de S\u00e3o Louren\u00e7o&#8221; no mesmo lugar onde viu o eclipse. Um plano perfeito para prolongar a noite.<\/p>\n\n<h2>Perguntas frequentes (FAQs)<\/h2>\n<h3>Onde ser\u00e1 vis\u00edvel o eclipse solar total na Espanha?<\/h3>\n<p>A faixa da totalidade cruzar\u00e1 a Espanha de oeste a leste, da Gal\u00edcia at\u00e9 as Ilhas Baleares. Passar\u00e1 por A Coru\u00f1a, Oviedo, Le\u00f3n, Burgos, Pal\u00eancia, S\u00f3ria, Bilbao, Zaragoza, Val\u00eancia, Castell\u00f3n e Palma de Mallorca, entre muitas outras localidades.<\/p>\n\n<h3>Que horas ser\u00e1 vis\u00edvel o eclipse em 12 de agosto?<\/h3>\n<p>O eclipse come\u00e7ar\u00e1 por volta das 19h20 e a totalidade ocorrer\u00e1 perto das 20h30, pouco antes do anoitecer. A dura\u00e7\u00e3o da totalidade varia conforme a localiza\u00e7\u00e3o, de alguns segundos a quase dois minutos.<\/p>\n\n<h3>Posso dormir no meu motorhome para ver o eclipse?<\/h3>\n<p>Sim, voc\u00ea pode pernoitar dentro do seu motorhome estacionado desde que n\u00e3o coloque nada para fora, n\u00e3o use p\u00e9s estabilizadores e n\u00e3o ocupe mais espa\u00e7o do que o do ve\u00edculo fechado. A normativa DGT distingue entre estacionar (legal) e acampar (regulado por ordenan\u00e7as municipais).<\/p>\n\n<p>Quer viver o eclipse do s\u00e9culo sobre rodas? Na <strong>Autocaravanas Camperdadi<\/strong> temos a frota perfeita para voc\u00ea n\u00e3o perder nem um segundo deste espet\u00e1culo \u00fanico. Contate-nos por telefone no <a href=\"tel:+34910820632\">+34 91 082 06 32<\/a>, escreva-nos pelo WhatsApp no <a href=\"https:\/\/api.whatsapp.com\/send?phone=34639266865\">+34 639 266 865<\/a> ou envie-nos um e-mail para <a href=\"mailto:info@autocaravanascamperdadi.com\">info@autocaravanascamperdadi.com<\/a> e comece a planejar sua rota rumo \u00e0 escurid\u00e3o.<\/p>\n\n<script type=\"application\/ld+json\">\n{\n  \"@context\": \"https:\/\/schema.org\",\n  \"@type\": \"FAQPage\",\n  \"mainEntity\": [\n    {\n      \"@type\": \"Question\",\n      \"name\": \"Onde ser\u00e1 vis\u00edvel o eclipse solar total na Espanha?\",\n      \"acceptedAnswer\": {\n        \"@type\": \"Answer\",\n        \"text\": \"A faixa da totalidade cruzar\u00e1 a Espanha de oeste a leste, da Gal\u00edcia at\u00e9 as Ilhas Baleares. Passar\u00e1 por A Coru\u00f1a, Oviedo, Le\u00f3n, Burgos, Pal\u00eancia, S\u00f3ria, Bilbao, Zaragoza, Val\u00eancia, Castell\u00f3n e Palma de Mallorca, entre muitas outras localidades.\"\n      }\n    },\n    {\n      \"@type\": \"Question\",\n      \"name\": \"Que horas ser\u00e1 vis\u00edvel o eclipse em 12 de agosto?\",\n      \"acceptedAnswer\": {\n        \"@type\": \"Answer\",\n        \"text\": \"O eclipse come\u00e7ar\u00e1 por volta das 19h20 e a totalidade ocorrer\u00e1 perto das 20h30, pouco antes do anoitecer. A dura\u00e7\u00e3o da totalidade varia conforme a localiza\u00e7\u00e3o, de alguns segundos a quase dois minutos.\"\n      }\n    },\n    {\n      \"@type\": \"Question\",\n      \"name\": \"Posso dormir no meu motorhome para ver o eclipse?\",\n      \"acceptedAnswer\": {\n        \"@type\": \"Answer\",\n        \"text\": \"Sim, voc\u00ea pode pernoitar dentro do seu motorhome estacionado desde que n\u00e3o coloque nada para fora, n\u00e3o use p\u00e9s estabilizadores e n\u00e3o ocupe mais espa\u00e7o do que o do ve\u00edculo fechado. A normativa DGT distingue entre estacionar (legal) e acampar (regulado por ordenan\u00e7as municipais).\"\n      }\n    }\n  ]\n}\n<\/script>\n","protected":false},"excerpt":{"rendered":"<p>Voc\u00ea sabia que em 12 de agosto de 2026 o c\u00e9u da Espanha escurecer\u00e1 completamente pela primeira vez em mais de 120 anos, e que a melhor forma de vivenciar isso \u00e9 sobre rodas? Os hot\u00e9is na faixa da totalidade j\u00e1 est\u00e3o lotados e os pre\u00e7os dispararam, mas quem viaja de motorhome tem uma vantagem: [&#8230;]\n","protected":false},"author":15,"featured_media":28565,"comment_status":"closed","ping_status":"closed","sticky":false,"template":"","format":"standard","meta":{"footnotes":""},"categories":[220],"tags":[],"class_list":["post-28963","post","type-post","status-publish","format-standard","has-post-thumbnail","hentry","category-roteiro"],"yoast_head":"<!-- This site is optimized with the Yoast SEO plugin v28.3 - https:\/\/yoast.com\/product\/yoast-seo-wordpress\/ -->\n<title>Onde ver o eclipse solar de motorhome - Camperdadi<\/title>\n<meta name=\"description\" content=\"Voc\u00ea sabia que em 12 de agosto de 2026 o c\u00e9u da Espanha escurecer\u00e1 completamente pela primeira vez em mais de 120 anos, e que a melhor forma de vivenciar\" \/>\n<meta name=\"robots\" content=\"index, follow, max-snippet:-1, max-image-preview:large, max-video-preview:-1\" \/>\n<link rel=\"canonical\" href=\"https:\/\/autocaravanascamperdadi.com\/pt-br\/onde-ver-o-eclipse-solar-de-motorhome\/\" \/>\n<meta property=\"og:locale\" content=\"pt_BR\" \/>\n<meta property=\"og:type\" content=\"article\" \/>\n<meta property=\"og:title\" content=\"Onde ver o eclipse solar de motorhome - Camperdadi\" \/>\n<meta property=\"og:description\" content=\"Voc\u00ea sabia que em 12 de agosto de 2026 o c\u00e9u da Espanha escurecer\u00e1 completamente pela primeira vez em mais de 120 anos, e que a melhor forma de vivenciar\" \/>\n<meta property=\"og:url\" content=\"https:\/\/autocaravanascamperdadi.com\/pt-br\/onde-ver-o-eclipse-solar-de-motorhome\/\" \/>\n<meta property=\"og:site_name\" content=\"Camperdadi\" \/>\n<meta property=\"article:publisher\" content=\"https:\/\/es-es.facebook.com\/camperdadi\/\" \/>\n<meta property=\"article:published_time\" content=\"2026-08-05T17:43:47+00:00\" \/>\n<meta property=\"article:modified_time\" content=\"2026-08-31T17:44:37+00:00\" \/>\n<meta property=\"og:image\" content=\"https:\/\/autocaravanascamperdadi.com\/wp-content\/uploads\/2026\/03\/CI-HORON-84XT-02.jpg\" \/>\n\t<meta property=\"og:image:width\" content=\"1000\" \/>\n\t<meta property=\"og:image:height\" content=\"750\" \/>\n\t<meta property=\"og:image:type\" content=\"image\/jpeg\" \/>\n<meta name=\"author\" content=\"Autocaravanas Camperdadi\" \/>\n<meta name=\"twitter:card\" content=\"summary_large_image\" \/>\n<meta name=\"twitter:creator\" content=\"@camperdadi\" \/>\n<meta name=\"twitter:site\" content=\"@camperdadi\" \/>\n<meta name=\"twitter:label1\" content=\"Escrito por\" \/>\n\t<meta name=\"twitter:data1\" content=\"Autocaravanas Camperdadi\" \/>\n\t<meta name=\"twitter:label2\" content=\"Est. tempo de leitura\" \/>\n\t<meta name=\"twitter:data2\" content=\"7 minutos\" \/>\n<script type=\"application\/ld+json\" class=\"yoast-schema-graph\">{\"@context\":\"https:\\\/\\\/schema.org\",\"@graph\":[{\"@type\":\"Article\",\"@id\":\"https:\\\/\\\/autocaravanascamperdadi.com\\\/pt-br\\\/onde-ver-o-eclipse-solar-de-motorhome\\\/#article\",\"isPartOf\":{\"@id\":\"https:\\\/\\\/autocaravanascamperdadi.com\\\/pt-br\\\/onde-ver-o-eclipse-solar-de-motorhome\\\/\"},\"author\":{\"name\":\"Autocaravanas Camperdadi\",\"@id\":\"https:\\\/\\\/autocaravanascamperdadi.com\\\/en\\\/#\\\/schema\\\/person\\\/9c595a4a9a7df85e03206c0f6d0b7256\"},\"headline\":\"Onde ver o eclipse solar de motorhome\",\"datePublished\":\"2026-08-05T17:43:47+00:00\",\"dateModified\":\"2026-08-31T17:44:37+00:00\",\"mainEntityOfPage\":{\"@id\":\"https:\\\/\\\/autocaravanascamperdadi.com\\\/pt-br\\\/onde-ver-o-eclipse-solar-de-motorhome\\\/\"},\"wordCount\":1563,\"publisher\":{\"@id\":\"https:\\\/\\\/autocaravanascamperdadi.com\\\/en\\\/#organization\"},\"image\":{\"@id\":\"https:\\\/\\\/autocaravanascamperdadi.com\\\/pt-br\\\/onde-ver-o-eclipse-solar-de-motorhome\\\/#primaryimage\"},\"thumbnailUrl\":\"https:\\\/\\\/autocaravanascamperdadi.com\\\/wp-content\\\/uploads\\\/2026\\\/03\\\/CI-HORON-84XT-02.jpg\",\"articleSection\":[\"Roteiro\"],\"inLanguage\":\"pt-BR\"},{\"@type\":\"WebPage\",\"@id\":\"https:\\\/\\\/autocaravanascamperdadi.com\\\/pt-br\\\/onde-ver-o-eclipse-solar-de-motorhome\\\/\",\"url\":\"https:\\\/\\\/autocaravanascamperdadi.com\\\/pt-br\\\/onde-ver-o-eclipse-solar-de-motorhome\\\/\",\"name\":\"Onde ver o eclipse solar de motorhome - Camperdadi\",\"isPartOf\":{\"@id\":\"https:\\\/\\\/autocaravanascamperdadi.com\\\/en\\\/#website\"},\"primaryImageOfPage\":{\"@id\":\"https:\\\/\\\/autocaravanascamperdadi.com\\\/pt-br\\\/onde-ver-o-eclipse-solar-de-motorhome\\\/#primaryimage\"},\"image\":{\"@id\":\"https:\\\/\\\/autocaravanascamperdadi.com\\\/pt-br\\\/onde-ver-o-eclipse-solar-de-motorhome\\\/#primaryimage\"},\"thumbnailUrl\":\"https:\\\/\\\/autocaravanascamperdadi.com\\\/wp-content\\\/uploads\\\/2026\\\/03\\\/CI-HORON-84XT-02.jpg\",\"datePublished\":\"2026-08-05T17:43:47+00:00\",\"dateModified\":\"2026-08-31T17:44:37+00:00\",\"description\":\"Voc\u00ea sabia que em 12 de agosto de 2026 o c\u00e9u da Espanha escurecer\u00e1 completamente pela primeira vez em mais de 120 anos, e que a melhor forma de vivenciar\",\"breadcrumb\":{\"@id\":\"https:\\\/\\\/autocaravanascamperdadi.com\\\/pt-br\\\/onde-ver-o-eclipse-solar-de-motorhome\\\/#breadcrumb\"},\"inLanguage\":\"pt-BR\",\"potentialAction\":[{\"@type\":\"ReadAction\",\"target\":[\"https:\\\/\\\/autocaravanascamperdadi.com\\\/pt-br\\\/onde-ver-o-eclipse-solar-de-motorhome\\\/\"]}]},{\"@type\":\"ImageObject\",\"inLanguage\":\"pt-BR\",\"@id\":\"https:\\\/\\\/autocaravanascamperdadi.com\\\/pt-br\\\/onde-ver-o-eclipse-solar-de-motorhome\\\/#primaryimage\",\"url\":\"https:\\\/\\\/autocaravanascamperdadi.com\\\/wp-content\\\/uploads\\\/2026\\\/03\\\/CI-HORON-84XT-02.jpg\",\"contentUrl\":\"https:\\\/\\\/autocaravanascamperdadi.com\\\/wp-content\\\/uploads\\\/2026\\\/03\\\/CI-HORON-84XT-02.jpg\",\"width\":1000,\"height\":750,\"caption\":\"D\u00f3nde ver el eclipse solar en autocaravana\"},{\"@type\":\"BreadcrumbList\",\"@id\":\"https:\\\/\\\/autocaravanascamperdadi.com\\\/pt-br\\\/onde-ver-o-eclipse-solar-de-motorhome\\\/#breadcrumb\",\"itemListElement\":[{\"@type\":\"ListItem\",\"position\":1,\"name\":\"Portada\",\"item\":\"https:\\\/\\\/autocaravanascamperdadi.com\\\/pt-br\\\/\"},{\"@type\":\"ListItem\",\"position\":2,\"name\":\"Onde ver o eclipse solar de motorhome\"}]},{\"@type\":\"WebSite\",\"@id\":\"https:\\\/\\\/autocaravanascamperdadi.com\\\/en\\\/#website\",\"url\":\"https:\\\/\\\/autocaravanascamperdadi.com\\\/en\\\/\",\"name\":\"Autocaravanas Camperdadi\",\"description\":\"Alquiler de autocaravanas y caravanas\",\"publisher\":{\"@id\":\"https:\\\/\\\/autocaravanascamperdadi.com\\\/en\\\/#organization\"},\"potentialAction\":[{\"@type\":\"SearchAction\",\"target\":{\"@type\":\"EntryPoint\",\"urlTemplate\":\"https:\\\/\\\/autocaravanascamperdadi.com\\\/en\\\/?s={search_term_string}\"},\"query-input\":{\"@type\":\"PropertyValueSpecification\",\"valueRequired\":true,\"valueName\":\"search_term_string\"}}],\"inLanguage\":\"pt-BR\"},{\"@type\":\"Organization\",\"@id\":\"https:\\\/\\\/autocaravanascamperdadi.com\\\/en\\\/#organization\",\"name\":\"Camperdadi\",\"url\":\"https:\\\/\\\/autocaravanascamperdadi.com\\\/en\\\/\",\"logo\":{\"@type\":\"ImageObject\",\"inLanguage\":\"pt-BR\",\"@id\":\"https:\\\/\\\/autocaravanascamperdadi.com\\\/en\\\/#\\\/schema\\\/logo\\\/image\\\/\",\"url\":\"https:\\\/\\\/autocaravanascamperdadi.com\\\/wp-content\\\/uploads\\\/2017\\\/08\\\/cropped-logo.png\",\"contentUrl\":\"https:\\\/\\\/autocaravanascamperdadi.com\\\/wp-content\\\/uploads\\\/2017\\\/08\\\/cropped-logo.png\",\"width\":512,\"height\":512,\"caption\":\"Camperdadi\"},\"image\":{\"@id\":\"https:\\\/\\\/autocaravanascamperdadi.com\\\/en\\\/#\\\/schema\\\/logo\\\/image\\\/\"},\"sameAs\":[\"https:\\\/\\\/es-es.facebook.com\\\/camperdadi\\\/\",\"https:\\\/\\\/x.com\\\/camperdadi\",\"https:\\\/\\\/www.instagram.com\\\/autocaravanascamperdadi\\\/?hl=es\"]},{\"@type\":\"Person\",\"@id\":\"https:\\\/\\\/autocaravanascamperdadi.com\\\/en\\\/#\\\/schema\\\/person\\\/9c595a4a9a7df85e03206c0f6d0b7256\",\"name\":\"Autocaravanas Camperdadi\",\"url\":\"https:\\\/\\\/autocaravanascamperdadi.com\\\/pt-br\\\/author\\\/first-position\\\/\"}]}<\/script>\n<!-- \/ Yoast SEO plugin. -->","yoast_head_json":{"title":"Onde ver o eclipse solar de motorhome - Camperdadi","description":"Voc\u00ea sabia que em 12 de agosto de 2026 o c\u00e9u da Espanha escurecer\u00e1 completamente pela primeira vez em mais de 120 anos, e que a melhor forma de vivenciar","robots":{"index":"index","follow":"follow","max-snippet":"max-snippet:-1","max-image-preview":"max-image-preview:large","max-video-preview":"max-video-preview:-1"},"canonical":"https:\/\/autocaravanascamperdadi.com\/pt-br\/onde-ver-o-eclipse-solar-de-motorhome\/","og_locale":"pt_BR","og_type":"article","og_title":"Onde ver o eclipse solar de motorhome - Camperdadi","og_description":"Voc\u00ea sabia que em 12 de agosto de 2026 o c\u00e9u da Espanha escurecer\u00e1 completamente pela primeira vez em mais de 120 anos, e que a melhor forma de vivenciar","og_url":"https:\/\/autocaravanascamperdadi.com\/pt-br\/onde-ver-o-eclipse-solar-de-motorhome\/","og_site_name":"Camperdadi","article_publisher":"https:\/\/es-es.facebook.com\/camperdadi\/","article_published_time":"2026-08-05T17:43:47+00:00","article_modified_time":"2026-08-31T17:44:37+00:00","og_image":[{"width":1000,"height":750,"url":"https:\/\/autocaravanascamperdadi.com\/wp-content\/uploads\/2026\/03\/CI-HORON-84XT-02.jpg","type":"image\/jpeg"}],"author":"Autocaravanas Camperdadi","twitter_card":"summary_large_image","twitter_creator":"@camperdadi","twitter_site":"@camperdadi","twitter_misc":{"Escrito por":"Autocaravanas Camperdadi","Est. tempo de leitura":"7 minutos"},"schema":{"@context":"https:\/\/schema.org","@graph":[{"@type":"Article","@id":"https:\/\/autocaravanascamperdadi.com\/pt-br\/onde-ver-o-eclipse-solar-de-motorhome\/#article","isPartOf":{"@id":"https:\/\/autocaravanascamperdadi.com\/pt-br\/onde-ver-o-eclipse-solar-de-motorhome\/"},"author":{"name":"Autocaravanas Camperdadi","@id":"https:\/\/autocaravanascamperdadi.com\/en\/#\/schema\/person\/9c595a4a9a7df85e03206c0f6d0b7256"},"headline":"Onde ver o eclipse solar de motorhome","datePublished":"2026-08-05T17:43:47+00:00","dateModified":"2026-08-31T17:44:37+00:00","mainEntityOfPage":{"@id":"https:\/\/autocaravanascamperdadi.com\/pt-br\/onde-ver-o-eclipse-solar-de-motorhome\/"},"wordCount":1563,"publisher":{"@id":"https:\/\/autocaravanascamperdadi.com\/en\/#organization"},"image":{"@id":"https:\/\/autocaravanascamperdadi.com\/pt-br\/onde-ver-o-eclipse-solar-de-motorhome\/#primaryimage"},"thumbnailUrl":"https:\/\/autocaravanascamperdadi.com\/wp-content\/uploads\/2026\/03\/CI-HORON-84XT-02.jpg","articleSection":["Roteiro"],"inLanguage":"pt-BR"},{"@type":"WebPage","@id":"https:\/\/autocaravanascamperdadi.com\/pt-br\/onde-ver-o-eclipse-solar-de-motorhome\/","url":"https:\/\/autocaravanascamperdadi.com\/pt-br\/onde-ver-o-eclipse-solar-de-motorhome\/","name":"Onde ver o eclipse solar de motorhome - Camperdadi","isPartOf":{"@id":"https:\/\/autocaravanascamperdadi.com\/en\/#website"},"primaryImageOfPage":{"@id":"https:\/\/autocaravanascamperdadi.com\/pt-br\/onde-ver-o-eclipse-solar-de-motorhome\/#primaryimage"},"image":{"@id":"https:\/\/autocaravanascamperdadi.com\/pt-br\/onde-ver-o-eclipse-solar-de-motorhome\/#primaryimage"},"thumbnailUrl":"https:\/\/autocaravanascamperdadi.com\/wp-content\/uploads\/2026\/03\/CI-HORON-84XT-02.jpg","datePublished":"2026-08-05T17:43:47+00:00","dateModified":"2026-08-31T17:44:37+00:00","description":"Voc\u00ea sabia que em 12 de agosto de 2026 o c\u00e9u da Espanha escurecer\u00e1 completamente pela primeira vez em mais de 120 anos, e que a melhor forma de vivenciar","breadcrumb":{"@id":"https:\/\/autocaravanascamperdadi.com\/pt-br\/onde-ver-o-eclipse-solar-de-motorhome\/#breadcrumb"},"inLanguage":"pt-BR","potentialAction":[{"@type":"ReadAction","target":["https:\/\/autocaravanascamperdadi.com\/pt-br\/onde-ver-o-eclipse-solar-de-motorhome\/"]}]},{"@type":"ImageObject","inLanguage":"pt-BR","@id":"https:\/\/autocaravanascamperdadi.com\/pt-br\/onde-ver-o-eclipse-solar-de-motorhome\/#primaryimage","url":"https:\/\/autocaravanascamperdadi.com\/wp-content\/uploads\/2026\/03\/CI-HORON-84XT-02.jpg","contentUrl":"https:\/\/autocaravanascamperdadi.com\/wp-content\/uploads\/2026\/03\/CI-HORON-84XT-02.jpg","width":1000,"height":750,"caption":"D\u00f3nde ver el eclipse solar en autocaravana"},{"@type":"BreadcrumbList","@id":"https:\/\/autocaravanascamperdadi.com\/pt-br\/onde-ver-o-eclipse-solar-de-motorhome\/#breadcrumb","itemListElement":[{"@type":"ListItem","position":1,"name":"Portada","item":"https:\/\/autocaravanascamperdadi.com\/pt-br\/"},{"@type":"ListItem","position":2,"name":"Onde ver o eclipse solar de motorhome"}]},{"@type":"WebSite","@id":"https:\/\/autocaravanascamperdadi.com\/en\/#website","url":"https:\/\/autocaravanascamperdadi.com\/en\/","name":"Autocaravanas Camperdadi","description":"Alquiler de autocaravanas y caravanas","publisher":{"@id":"https:\/\/autocaravanascamperdadi.com\/en\/#organization"},"potentialAction":[{"@type":"SearchAction","target":{"@type":"EntryPoint","urlTemplate":"https:\/\/autocaravanascamperdadi.com\/en\/?s={search_term_string}"},"query-input":{"@type":"PropertyValueSpecification","valueRequired":true,"valueName":"search_term_string"}}],"inLanguage":"pt-BR"},{"@type":"Organization","@id":"https:\/\/autocaravanascamperdadi.com\/en\/#organization","name":"Camperdadi","url":"https:\/\/autocaravanascamperdadi.com\/en\/","logo":{"@type":"ImageObject","inLanguage":"pt-BR","@id":"https:\/\/autocaravanascamperdadi.com\/en\/#\/schema\/logo\/image\/","url":"https:\/\/autocaravanascamperdadi.com\/wp-content\/uploads\/2017\/08\/cropped-logo.png","contentUrl":"https:\/\/autocaravanascamperdadi.com\/wp-content\/uploads\/2017\/08\/cropped-logo.png","width":512,"height":512,"caption":"Camperdadi"},"image":{"@id":"https:\/\/autocaravanascamperdadi.com\/en\/#\/schema\/logo\/image\/"},"sameAs":["https:\/\/es-es.facebook.com\/camperdadi\/","https:\/\/x.com\/camperdadi","https:\/\/www.instagram.com\/autocaravanascamperdadi\/?hl=es"]},{"@type":"Person","@id":"https:\/\/autocaravanascamperdadi.com\/en\/#\/schema\/person\/9c595a4a9a7df85e03206c0f6d0b7256","name":"Autocaravanas Camperdadi","url":"https:\/\/autocaravanascamperdadi.com\/pt-br\/author\/first-position\/"}]}},"_links":{"self":[{"href":"https:\/\/autocaravanascamperdadi.com\/pt-br\/wp-json\/wp\/v2\/posts\/28963","targetHints":{"allow":["GET"]}}],"collection":[{"href":"https:\/\/autocaravanascamperdadi.com\/pt-br\/wp-json\/wp\/v2\/posts"}],"about":[{"href":"https:\/\/autocaravanascamperdadi.com\/pt-br\/wp-json\/wp\/v2\/types\/post"}],"author":[{"embeddable":true,"href":"https:\/\/autocaravanascamperdadi.com\/pt-br\/wp-json\/wp\/v2\/users\/15"}],"replies":[{"embeddable":true,"href":"https:\/\/autocaravanascamperdadi.com\/pt-br\/wp-json\/wp\/v2\/comments?post=28963"}],"version-history":[{"count":1,"href":"https:\/\/autocaravanascamperdadi.com\/pt-br\/wp-json\/wp\/v2\/posts\/28963\/revisions"}],"predecessor-version":[{"id":28964,"href":"https:\/\/autocaravanascamperdadi.com\/pt-br\/wp-json\/wp\/v2\/posts\/28963\/revisions\/28964"}],"wp:featuredmedia":[{"embeddable":true,"href":"https:\/\/autocaravanascamperdadi.com\/pt-br\/wp-json\/wp\/v2\/media\/28565"}],"wp:attachment":[{"href":"https:\/\/autocaravanascamperdadi.com\/pt-br\/wp-json\/wp\/v2\/media?parent=28963"}],"wp:term":[{"taxonomy":"category","embeddable":true,"href":"https:\/\/autocaravanascamperdadi.com\/pt-br\/wp-json\/wp\/v2\/categories?post=28963"},{"taxonomy":"post_tag","embeddable":true,"href":"https:\/\/autocaravanascamperdadi.com\/pt-br\/wp-json\/wp\/v2\/tags?post=28963"}],"curies":[{"name":"wp","href":"https:\/\/api.w.org\/{rel}","templated":true}]}}